{"provider_url": "https://www.espigaodoeste.ro.leg.br", "title": "COMUNICADO", "html": "<p align=\"center\">COMUNICADO</p>\r\n<p align=\"center\">\u00a0</p>\r\n<p align=\"center\">\u00a0</p>\r\n<p><b><i>Em apoio a Greve Geral marcada para hoje (2) -Organizada pela Sociedade Civil, a C\u00e2mara Municipal de Espig\u00e3o do Oeste/RO ficar\u00e1 fechada nesta sexta-feira, dia 02/08/2019</i></b></p>", "author_name": "", "version": "1.0", "author_url": "https://www.espigaodoeste.ro.leg.br/author/adm", "provider_name": "C\u00e2mara Municipal de Espig\u00e3o D'Oeste", "type": "rich"}