{"provider_url": "https://www.espigaodoeste.ro.leg.br", "title": "Ap\u00f3s interven\u00e7\u00e3o do Senador Conf\u00facio Moura, Ministro da Sa\u00fade manter\u00e1 tratamento de sa\u00fade especial aos ind\u00edgenas", "html": "<p style=\"text-align: justify; \">\u00a0 \u00a0 \u00a0 \u00a0Diversas lideran\u00e7as ind\u00edgenas procuraram os vereadores Joveci do Pacarana (PSDB) e Ad\u00e3o Salvatico (PRB), em Espig\u00e3o do Oeste, para tentar impedir a extin\u00e7\u00e3o da Secretaria Especial de Sa\u00fade Ind\u00edgena (Sesai). De posse de v\u00e1rias reclama\u00e7\u00f5es e descontentamento das lideran\u00e7as ind\u00edgenas, os vereadores entregaram pessoalmente o clamor dos ind\u00edgenas ao senador Conf\u00facio Moura (MDB/RO).</p>\r\n<p style=\"text-align: justify; \">\u00a0 \u00a0 \u00a0 Diante das reivindica\u00e7\u00f5es, Conf\u00facio informou ao ministro da Sa\u00fade, Luiz Henrique Mandetta, que os \u00edndios rondonienses n\u00e3o aceitavam a municipaliza\u00e7\u00e3o da sa\u00fade, pois as cidades menores n\u00e3o conseguem atender as comunidades mais afastadas, al\u00e9m de aumentar as filas para toda popula\u00e7\u00e3o nas unidades mista de sa\u00fade. Ap\u00f3s ouvir o relato por parte do senador sobre os grandes transtornos para sa\u00fade do \u00edndio e n\u00e3o-\u00edndios, o ministro optou por manter o \u00f3rg\u00e3o.</p>\r\n<p style=\"text-align: justify; \">\u00a0 \u00a0 \u00a0A Sesai \u00e9 respons\u00e1vel pela execu\u00e7\u00e3o da Pol\u00edtica Nacional de Aten\u00e7\u00e3o \u00e0 Sa\u00fade dos Povos Ind\u00edgenas, bem como a descentraliza\u00e7\u00e3o dos Distritos Especiais Ind\u00edgenas (DSEIs), unidade gestora descentralizada do Subsistema de Aten\u00e7\u00e3o \u00e0 Sa\u00fade Ind\u00edgena.<br /> Segundo o cacique Marcelo Cinta Larga, membro do Movimento Ind\u00edgena do Brasil, os munic\u00edpios n\u00e3o t\u00eam estrutura para atender \u00e0s comunidades mais distante, pois o Estado de Rond\u00f4nia abriga hoje mais de 14 etnias que, no passado, em virtude da municipaliza\u00e7\u00e3o da sa\u00fade, sofreram dificuldades com a forma discriminat\u00f3ria de tratamento.</p>\r\n<blockquote class=\"pullquote\">Os vereadores Joveci do Pacarana e Ad\u00e3o Salvatico parabenizaram a atitude do senador que, com uma r\u00e1pida interfer\u00eancia junto ao ministro, conseguiu manter uma pol\u00edtica p\u00fablica que beneficia n\u00e3o s\u00f3 os ind\u00edgenas, mas a popula\u00e7\u00e3o em geral</blockquote>\r\n<blockquote class=\"pullquote\"></blockquote>", "author_name": "", "version": "1.0", "author_url": "https://www.espigaodoeste.ro.leg.br/author/adm", "provider_name": "C\u00e2mara Municipal de Espig\u00e3o D'Oeste", "type": "rich"}