{
    "legislatures": [
        {
            "description": "", 
            "end_date": "2028-12-03", 
            "members": [
                "/portal/institucional/parlamentares/adriano-da-ambulancia", 
                "/portal/institucional/parlamentares/gilmar-loose", 
                "/portal/institucional/parlamentares/professor-hermes", 
                "/portal/institucional/parlamentares/alexandro-bahia", 
                "/portal/institucional/parlamentares/severino-schulz", 
                "/portal/institucional/parlamentares/kissila-ponath", 
                "/portal/institucional/parlamentares/amilton-alves", 
                "/portal/institucional/parlamentares/genezio-mateus", 
                "/portal/institucional/parlamentares/waltinho-lara", 
                "/portal/institucional/parlamentares/nadja-lagares", 
                "/portal/institucional/parlamentares/pedro-mandioca"
            ], 
            "start_date": "2025-02-01", 
            "title": "11\u00aa LEGISLATURA", 
            "uri": "https://www.espigaodoeste.ro.leg.br/institucional/legislaturas/11a-legislatura"
        }, 
        {
            "description": "", 
            "end_date": "2024-12-31", 
            "members": [
                "/portal/institucional/parlamentares/adriano-da-ambulancia", 
                "/portal/institucional/parlamentares/cosmo-novaes", 
                "/portal/institucional/parlamentares/gilmar-loose", 
                "/portal/institucional/parlamentares/luiz-antonio", 
                "/portal/institucional/parlamentares/professor-hermes", 
                "/portal/institucional/parlamentares/zonga", 
                "/portal/institucional/parlamentares/delker-nobre", 
                "/portal/institucional/parlamentares/sirineu-wutk", 
                "/portal/institucional/parlamentares/alexandro-bahia", 
                "/portal/institucional/parlamentares/antonio-jose", 
                "/portal/institucional/parlamentares/severino-schulz"
            ], 
            "start_date": "2021-01-01", 
            "title": "10\u00aa Legislatura", 
            "uri": "https://www.espigaodoeste.ro.leg.br/institucional/legislaturas/10a-legislatura"
        }
    ], 
    "parliamentarians": [
        {
            "address": "Rua Vale Formoso, 1896 - Vista Alegre", 
            "birthday": "1966-02-01", 
            "description": "<div class=\"flex max-w-full flex-col grow\">\r\n<div class=\"min-h-8 text-message relative flex w-full flex-col items-end gap-2 text-start break-words whitespace-normal [.text-message+&amp;]:mt-5\" dir=\"auto\" data-message-author-role=\"assistant\" data-message-id=\"abb2c671-e5d1-4a1e-b0f4-542ff9f550d2\" data-message-model-slug=\"gpt-4o\">\r\n<div class=\"flex w-full flex-col gap-1 empty:hidden first:pt-[3px]\">\r\n<div class=\"markdown prose dark:prose-invert w-full break-words light\">\r\n<p data-start=\"0\" data-end=\"497\" data-is-last-node=\"\" data-is-only-node=\"\">Gen\u00e9zio Mateus \u00e9 vereador em Espig\u00e3o do Oeste (RO) pelo PL e atual vice-presidente da C\u00e2mara Municipal para o bi\u00eanio 2025/2026. Com v\u00e1rias legislaturas no curr\u00edculo, foi reeleito em 2024 com 1.034 votos. Atua como presidente da Comiss\u00e3o de Finan\u00e7as e membro da Comiss\u00e3o de Educa\u00e7\u00e3o, Sa\u00fade e Assist\u00eancia Social. \u00c9 conhecido pelo trabalho em prol do desenvolvimento do munic\u00edpio, buscando recursos e acompanhando de perto obras e projetos nas \u00e1reas de infraestrutura, habita\u00e7\u00e3o e assist\u00eancia social.</p>\r\n</div>\r\n</div>\r\n</div>\r\n</div>\r\n<div class=\"flex justify-start\">\r\n<div class=\"touch:-me-2 touch:-ms-3.5 -ms-2.5 -me-1 flex items-center p-1 select-none -mt-1 duration-[1.5s] focus-within:transition-none hover:transition-none pointer-events-none [mask-image:linear-gradient(to_right,black_33%,transparent_66%)] [mask-size:300%_100%] [mask-position:100%_0%] motion-safe:transition-[mask-position] group-hover/turn-messages:pointer-events-auto group-hover/turn-messages:[mask-position:0_0] group-focus-within/turn-messages:pointer-events-auto group-focus-within/turn-messages:[mask-position:0_0] has-data-[state=open]:pointer-events-auto has-data-[state=open]:[mask-position:0_0]\"><span class=\"touch:w-[38px] flex h-[30px] w-[30px] items-center justify-center\"></span><span class=\"touch:w-[38px] flex h-[30px] w-[30px] items-center justify-center\"></span><span class=\"touch:w-[38px] flex h-[30px] w-[30px] items-center justify-center\"></span><span class=\"touch:w-[38px] flex h-[30px] w-[30px] items-center justify-center\"></span><span class=\"hidden\"></span><span data-state=\"closed\"><span data-state=\"closed\"></span></span>\r\n<div class=\"flex items-center\"></div>\r\n</div>\r\n</div>", 
            "email": "", 
            "full_name": "Gen\u00e9zio Mateus", 
            "image": {
                "filename": "POSSE-6.jpg", 
                "size": 1371447, 
                "uri": "https://www.espigaodoeste.ro.leg.br/institucional/parlamentares/genezio-mateus/@@downloads/POSSE-6.jpg"
            }, 
            "party_affiliation": [
                {
                    "date_affiliation": "1925-02-01", 
                    "date_disaffiliation": "", 
                    "party": "PL - Partido Liberal"
                }
            ], 
            "postal_code": "76974000", 
            "site": "", 
            "telephone": "000000000", 
            "title": "Gen\u00e9zio Mateus", 
            "uri": "https://www.espigaodoeste.ro.leg.br/institucional/parlamentares/genezio-mateus"
        }, 
        {
            "address": "Rua Vale Formoso, 1896 - Vista Alegre", 
            "birthday": "1976-02-01", 
            "description": "<p><span class=\"relative -mx-px my-[-0.2rem] rounded px-px py-[0.2rem] transition-colors duration-100 ease-in-out\">Walter Gon\u00e7alves Lara, conhecido como Waltinho Lara, \u00e9 um pol\u00edtico brasileiro nascido em 30 de janeiro de 1976 em Espig\u00e3o do Oeste, Rond\u00f4nia.</span> <span class=\"relative -mx-px my-[-0.2rem] rounded px-px py-[0.2rem] transition-colors duration-100 ease-in-out\">Com forma\u00e7\u00e3o t\u00e9cnica em contabilidade, estat\u00edstica, economia dom\u00e9stica e administra\u00e7\u00e3o, possui ensino m\u00e9dio completo.</span> <span class=\"relative -mx-px my-[-0.2rem] rounded px-px py-[0.2rem] transition-colors duration-100 ease-in-out\">Atualmente, exerce o cargo de vereador pelo partido Republicanos, tendo sido eleito nas elei\u00e7\u00f5es municipais de 2024.</span></p>", 
            "email": "", 
            "full_name": "Walter Gon\u00e7alves Lara", 
            "image": {
                "filename": "POSSE-22.jpg", 
                "size": 2374598, 
                "uri": "https://www.espigaodoeste.ro.leg.br/institucional/parlamentares/waltinho-lara/@@downloads/POSSE-22.jpg"
            }, 
            "party_affiliation": [
                {
                    "date_affiliation": "1925-02-01", 
                    "date_disaffiliation": "", 
                    "party": "REPUBLICANOS"
                }
            ], 
            "postal_code": "76974000", 
            "site": "", 
            "telephone": "000000000", 
            "title": "Waltinho Lara", 
            "uri": "https://www.espigaodoeste.ro.leg.br/institucional/parlamentares/waltinho-lara"
        }, 
        {
            "address": "Rua Vale Formoso, 1896 - Vista Alegre", 
            "birthday": "1969-12-02", 
            "description": "<p><span class=\"relative -mx-px my-[-0.2rem] rounded px-px py-[0.2rem] transition-colors duration-100 ease-in-out\">Nadja Ferreira de Ara\u00fajo Lagares \u00e9 vereadora de Espig\u00e3o do Oeste (RO), eleita em 2024 pelo partido Republicanos.</span> <span class=\"relative -mx-px my-[-0.2rem] rounded px-px py-[0.2rem] transition-colors duration-100 ease-in-out\">Natural de Sousa (PB), nasceu em 2 de dezembro de 1969 e tem 55 anos.</span> <span class=\"relative -mx-px my-[-0.2rem] rounded px-px py-[0.2rem] transition-colors duration-100 ease-in-out\">Casada e com ensino m\u00e9dio incompleto, declarou ocupa\u00e7\u00e3o como \"outros\".</span> <span class=\"relative -mx-px my-[-0.2rem] rounded px-px py-[0.2rem] transition-colors duration-100 ease-in-out\">Foi a vereadora mais votada do munic\u00edpio, com 1.036 votos.</span></p>", 
            "email": "", 
            "full_name": "Nadja Ferreira de Ara\u00fajo Lagares", 
            "image": {
                "filename": "POSSE-8.jpg", 
                "size": 1243623, 
                "uri": "https://www.espigaodoeste.ro.leg.br/institucional/parlamentares/nadja-lagares/@@downloads/POSSE-8.jpg"
            }, 
            "party_affiliation": [
                {
                    "date_affiliation": "1925-02-01", 
                    "date_disaffiliation": "", 
                    "party": "REPUBLICANOS"
                }
            ], 
            "postal_code": "76974000", 
            "site": "", 
            "telephone": "000000000", 
            "title": "Nadja Lagares", 
            "uri": "https://www.espigaodoeste.ro.leg.br/institucional/parlamentares/nadja-lagares"
        }, 
        {
            "address": "Rua Vale Formoso, N\u00ba 1896, bairro Vista Alegre", 
            "birthday": "1978-05-05", 
            "description": "<p>Adriano Meireles da Paz, nasceu em 08 de maio de 1978, no munic\u00edpio de Espig\u00e3o do Oeste, com o registro de nascimento com o n\u00famero 200, filho dos Agricultores Laurentino Ferreira da Paz e Marilza Meireles de Souza da Paz, cursou at\u00e9 o ensino m\u00e9dio neste munic\u00edpio, casado com Keilane Klemes Meireles, com 02 filhos, Daniella Klemes Meireles e Gilherme Klemes Meireles, servidor P\u00fablico h\u00e1 22 anos, lotado na Prefeitura Municipal, sempre na a\u00e9rea da sa\u00fade. Crist\u00e3o, Torcedor do Flamengo, apaixonado por Espig\u00e3o. Disputou a elei\u00e7\u00e3o de 2012 como candidato a Vereador eleito com 353 votos, em 2020, conquistou a vaga na C\u00e2mara Municipal de vereadores ao ser eleito pelo Partido Republicano da Ordem Social (PROS) com 443 votos. Atualmente est\u00e1 exercendo o mandato de vereador, para o qual foi eleito com 431 votos, pelo Partido Social Democr\u00e1tico.</p>", 
            "email": "adrianodaambulanciaeoe@gmail.com", 
            "full_name": "Adriano Meireles da Paz", 
            "image": {
                "filename": "adriano-meireles-da-paz.jpg", 
                "size": 79530, 
                "uri": "https://www.espigaodoeste.ro.leg.br/institucional/parlamentares/adriano-da-ambulancia/@@downloads/adriano-meireles-da-paz.jpg"
            }, 
            "party_affiliation": [
                {
                    "date_affiliation": "1925-02-01", 
                    "date_disaffiliation": "", 
                    "party": "PSD - PARTIDO SOCIAL DEMOCR\u00c1TICO"
                }
            ], 
            "postal_code": "76974-000", 
            "site": "", 
            "telephone": "(69) 98417-8623", 
            "title": "Adriano da Ambul\u00e2ncia", 
            "uri": "https://www.espigaodoeste.ro.leg.br/institucional/parlamentares/adriano-da-ambulancia"
        }, 
        {
            "address": "Rua Vale Formoso, N\u00ba 1896, bairro Vista Alegre", 
            "birthday": "1975-08-01", 
            "description": "<p style=\"text-align: justify; \">Gilmar Loose, nasceu em 01 de agosto de 1975, no munic\u00edpio de Laranja da Terra/Afonso Cla\u00fadio \u2013 ES. Filho de Hitalina Ahnert Loose e Geraldo Loose, ambos eram agricultores. Em setembro de 1976, vieram embora para a cidade de Espig\u00e3o do Oeste \u2013 RO em busca de novas oportunidades, onde sempre moravam na zona rural do munic\u00edpio. Gilmar, sempre trabalhou na agricultura com os seus pais, e desde seus 15 anos fez parte da associa\u00e7\u00e3o de pequenos agricultores da regi\u00e3o local, onde trabalhava com m\u00e1quinas agr\u00edcolas por 14 anos. Tamb\u00e9m fez parte da cooperativa de energia el\u00e9trica. Em maio de 1995, casou-se com Guelinda Muler Loose e ent\u00e3o tiveram duas filhas, Raihane Loose (Engenheira Ambiental) e Ramily Loose (Corretora de Im\u00f3veis). Gilmar, sempre frequentou a Igreja Evang\u00e9lica de sua regi\u00e3o. Desde pequeno \u00e9 apaixonado pelo esporte. Sempre atuou fortemente no incentivo desse lazer do esporte amador, e tamb\u00e9m foi t\u00e9cnico do time da sua comunidade por v\u00e1rios anos. Em abril de 2014, recebeu uma oportunidade de emprego na cidade com o cargo de Gerente Administrativo. Sendo assim, come\u00e7ou a trabalhar em uma empresa de compra e venda de caf\u00e9 e cereais, e nela trabalhou durante 7 anos. Em 2020, Gilmar Loose, se candidatou ao pleito de vereador, pelo partido MDB \u2013 Movimento Democr\u00e1tico Brasileiro e com 226 votos conquistou uma vaga na C\u00e2mara Municipal do munic\u00edpio de Espig\u00e3o do Oeste, onde est\u00e1 exercendo a fun\u00e7\u00e3o com muita dedica\u00e7\u00e3o. Em 2024 foi reeleito com 421 votos.</p>", 
            "email": "gilmarloose@gmail.com", 
            "full_name": "Gilmar Loose", 
            "image": {
                "filename": "gilmar-loose.jpg", 
                "size": 77783, 
                "uri": "https://www.espigaodoeste.ro.leg.br/institucional/parlamentares/gilmar-loose/@@downloads/gilmar-loose.jpg"
            }, 
            "party_affiliation": [
                {
                    "date_affiliation": "1925-02-01", 
                    "date_disaffiliation": "", 
                    "party": "MDB"
                }
            ], 
            "postal_code": "76974-000", 
            "site": "", 
            "telephone": "(69) 98493-5749", 
            "title": "Gilmar Loose", 
            "uri": "https://www.espigaodoeste.ro.leg.br/institucional/parlamentares/gilmar-loose"
        }, 
        {
            "address": "Rua Vale Formoso, N\u00ba 1896, bairro Vista Alegre", 
            "birthday": "1979-12-29", 
            "description": "<p style=\"text-align: justify; \">Hermes Pereira Junior, nascido, em 29/12/1979 na cidade de Serra Dourada Bahia Estado da Bahia, Filho de Albania da Mata Campos, Hermes Pereira Campos, Casado com Andreia Cristina Souza Campos e pai de 02 filhas Ana Julia Souza Campos e Lorena Souza Campos. Forma\u00e7\u00e3o Curso Superior em Educa\u00e7\u00e3o F\u00edsica na Universidade Federal de Rond\u00f4nia - UNIR P\u00f3s-graduado em Metodologia do Ensino Superior.</p>\r\n<p style=\"text-align: justify; \">Chegou em Espig\u00e3o no dia 28 de janeiro de 1999, com objetivo de buscar melhorias de vida. Completou o Ensino M\u00e9dio na Escola Sete de setembro o curso de Magist\u00e9rio.</p>\r\n<p style=\"text-align: justify; \">Primeiro emprego em Espig\u00e3o do Oeste foi na Loja Americana como vendedor.</p>\r\n<p style=\"text-align: justify; \">Em outubro de 1999, concorreu no concurso publico uma vaga para professor e foi aprovado, em mar\u00e7o de 2000 assumiu o concurso p\u00fablico onde foi lotado na Escola Menino Jesus na Linha 13 km 75. Em\u00a0 2003 solicitei transfer\u00eancia para Escola Polo Dilson Rodrigues Bello, na Linha Pa1, essa escola atendia as comunidades da PA1, Pa2 e Pa3.</p>\r\n<p style=\"text-align: justify; \">Nesta escola, formou uma turma do Ensino M\u00e9dio do Campo no per\u00edodo noturno, em 2006, com a abertura do ensino fundamental na Escola Polo Aur\u00e9lio Buarque de Holanda na regi\u00e3o do Seringal ha 45 km da Zona Urbana de Espig\u00e3o, onde foi convidado a ser diretor da institui\u00e7\u00e3o de ensino.</p>\r\n<p style=\"text-align: justify; \">Em 2016 foi chamado para ser Secret\u00e1rio, da Secretaria de Esportes, Lazer, Cultura e Turismo ficando a frente da pasta at\u00e9 2020, na ocasi\u00e3o retirou-se do cargo para concorrer a vereador.</p>\r\n<p style=\"text-align: justify; \">Em 2020 foi eleito pelo Partido Republicano da Ordem Social, com 531 votos v\u00e1lidos e reeleito em 2024 com 660 votos v\u00e1lidos pelo Partido Liberal (PL).</p>", 
            "email": "ver.professor.hermes@espigaodoeste.ro.leg.br", 
            "full_name": "Hermes Pereira junior", 
            "image": {
                "filename": "hermes-pereira-junior.jpg", 
                "size": 81490, 
                "uri": "https://www.espigaodoeste.ro.leg.br/institucional/parlamentares/professor-hermes/@@downloads/hermes-pereira-junior.jpg"
            }, 
            "party_affiliation": [
                {
                    "date_affiliation": "1925-02-01", 
                    "date_disaffiliation": "", 
                    "party": "PL"
                }
            ], 
            "postal_code": "76974-000", 
            "site": "", 
            "telephone": "(69) 99955-5554", 
            "title": "Professor Hermes", 
            "uri": "https://www.espigaodoeste.ro.leg.br/institucional/parlamentares/professor-hermes"
        }, 
        {
            "address": "Rua Vale Formoso, N\u00ba 1896, bairro Vista Alegre", 
            "birthday": "1988-04-14", 
            "description": "<p style=\"text-align: justify; \">Alexandro Ferraz da Silva (BAHIA) nasceu em 14 de abril de 1988, no munic\u00edpio de Rolim de Moura, Estado de Rond\u00f4nia, filho de Noe Jose da Silva e Domingas Ferraz Alves, logo ap\u00f3s indo para regi\u00e3o de Espig\u00e3o do Oeste e criando suas ra\u00edzes no Distrito de Boa Vista do Pacarana, empres\u00e1rio dono da Oficina Bahia Motos e atuante na Agricultura Familiar.</p>\r\n<p style=\"text-align: justify; \">Crist\u00e3o, Uni\u00e3o est\u00e1vel com o grande amor de sua vida, Eliana Souza de Oliveira e tiveram duas filhas, Laysa Ferraz de Oliveira e Hayla Ferraz de Oliveira. Torcedor do Corinthians, apaixonado por esportes, principalmente o futebol, sempre atuou fortemente no incentivo ao esporte no Distrito, participando de competi\u00e7\u00f5es em toda a regi\u00e3o.</p>\r\n<p style=\"text-align: justify; \">Em 2020, conquistou uma vaga na C\u00e2mara Municipal de Espig\u00e3o do Oeste ao ser eleito pelo PROS com 501 Votos e em 2024 reeleito com 705 votos pelo PL.</p>", 
            "email": "alexandrobahiaver@gmail.com", 
            "full_name": "Alexandro Ferraz da Silva", 
            "image": {
                "filename": "alexandro-ferraz-da-silva.jpg", 
                "size": 78609, 
                "uri": "https://www.espigaodoeste.ro.leg.br/institucional/parlamentares/alexandro-bahia/@@downloads/alexandro-ferraz-da-silva.jpg"
            }, 
            "party_affiliation": [
                {
                    "date_affiliation": "2020-04-01", 
                    "date_disaffiliation": "", 
                    "party": "PL"
                }
            ], 
            "postal_code": "76974-000", 
            "site": "https://www.espigaodoeste.ro.leg.br", 
            "telephone": "(69)98472-1699", 
            "title": "Alexandro Bahia", 
            "uri": "https://www.espigaodoeste.ro.leg.br/institucional/parlamentares/alexandro-bahia"
        }, 
        {
            "address": "Rua Vale Formoso, N\u00ba 1896, bairro Vista Alegre", 
            "birthday": "1963-11-18", 
            "description": "<p style=\"text-align: justify; \">Severino Schulz nascido em 18 de novembro de 1963, sou Pomerano, natural da cidade de Afonso Claudio-ES. Vim para Rond\u00f4nia em 23 de setembro de 1976, com meus pais Clemente Schulz e minha m\u00e3e Janete H. Schulz, para trabalhar na \u00e1rea da agricultura bra\u00e7al. Em 1984 me casei com Luiza T. Schulz e tivemos dois filhos, Osmar Shulz e Sivana Schulz. Desde da constitui\u00e7\u00e3o da Associa\u00e7\u00e3o Pomerana de Espig\u00e3o do Oeste, estou \u00e0 frente auxiliando e trabalhando, onde fui presidente durante 08 anos da associa\u00e7\u00e3o. Em 2004 se candidatei a pleito de vereador</p>\r\n<p style=\"text-align: justify; \">\u00a0Quarto mandato de vereador nos anos de 2004, 2011, 2022, 2024\u00a0 \u00a0 \u00a0 \u00a0 \u00a0</p>\r\n<p style=\"text-align: justify; \">Projetos:</p>\r\n<p style=\"text-align: justify; \">\u00a0Vereador bastante envolvido com a agricultura do munic\u00edpio, sempre atendendo as associa\u00e7\u00f5es rurais com emendas parlamentar para compra de implementos agr\u00edcolas para auxiliar no beneficiamento do produtor e diminuir o \u00eaxodo rural</p>\r\n<p style=\"text-align: justify; \">01- Autor do projeto para a constru\u00e7\u00e3o da casa Pomerana que est\u00e1 em andamento</p>\r\n<p style=\"text-align: justify; \">02- II quadra de esporte santa rosa</p>\r\n<p style=\"text-align: justify; \">03- II quadra de esporte Rio Claro</p>\r\n<p style=\"text-align: justify; \">04- II do projeto portal pomerano</p>", 
            "email": "severinoschulzleg@gmail.com", 
            "full_name": "Severino Schulz", 
            "image": {
                "filename": "POSSE-12.jpg", 
                "size": 1365612, 
                "uri": "https://www.espigaodoeste.ro.leg.br/institucional/parlamentares/severino-schulz/@@downloads/POSSE-12.jpg"
            }, 
            "party_affiliation": [
                {
                    "date_affiliation": "2020-04-01", 
                    "date_disaffiliation": "", 
                    "party": "PDT"
                }
            ], 
            "postal_code": "76974-000", 
            "site": "", 
            "telephone": "(69)98472-9190", 
            "title": "Severino Schulz", 
            "uri": "https://www.espigaodoeste.ro.leg.br/institucional/parlamentares/severino-schulz"
        }, 
        {
            "address": "Rua Vale Formoso, 1896 - Vista Alegre", 
            "birthday": "1985-06-02", 
            "description": "<p>K\u00edssila Kerley Ponath Schulz nasceu em S\u00e3o Gabriel da Palha, no Esp\u00edrito Santo, e cresceu em Espig\u00e3o do Oeste, Rond\u00f4nia, cidade onde construiu sua vida, sua fam\u00edlia e sua trajet\u00f3ria profissional. Mulher de f\u00e9 inabal\u00e1vel, tem Deus acima de todas as coisas em sua vida e acredita que a fam\u00edlia \u00e9 sua base, seu alicerce e sua maior motiva\u00e7\u00e3o.</p>\r\n<p>Desde muito jovem, K\u00edssila aprendeu o valor do trabalho, da dedica\u00e7\u00e3o e do compromisso com o pr\u00f3ximo. Sua trajet\u00f3ria profissional foi constru\u00edda com muito esfor\u00e7o e amor pela comunidade. Atuou na iniciativa privada como vendedora, analista de cr\u00e9dito, supervisora de caixa, coordenadora de recursos humanos, agente de relacionamento comunit\u00e1rio e gerente de supermercado. Essa viv\u00eancia lhe proporcionou uma vis\u00e3o ampla das dificuldades e desafios enfrentados pelas fam\u00edlias e pelos trabalhadores locais.</p>\r\n<p>Entre agosto de 2021 e abril de 2023, teve a honra de servir \u00e0 popula\u00e7\u00e3o como Secret\u00e1ria Adjunta de Sa\u00fade de Espig\u00e3o do Oeste, onde trabalhou com responsabilidade, compromisso e zelo para melhorar o atendimento e os servi\u00e7os de sa\u00fade da cidade.</p>\r\n<p>Sua caminhada na vida p\u00fablica surgiu de forma natural, impulsionada pelo amor a Deus, pelo apoio de sua fam\u00edlia e pelo desejo sincero de fazer a diferen\u00e7a na vida das pessoas. Sempre atuante na comunidade, tamb\u00e9m integra o grupo de louvor da Comunidade da Paz, onde refor\u00e7a sua f\u00e9 e acredita no poder da uni\u00e3o e do amor para transformar realidades.</p>\r\n<p>Eleita vereadora com 922 votos na \u00faltima elei\u00e7\u00e3o, K\u00edssila exerce seu primeiro mandato com muito compromisso, responsabilidade e f\u00e9, sendo uma voz ativa em defesa das mulheres, das fam\u00edlias e de todos que acreditam em uma Espig\u00e3o do Oeste mais justa, pr\u00f3spera e inclusiva.</p>\r\n<p>Com seu slogan de campanha \u201cK\u00edssila Ponath, a voz da mulher que faz a diferen\u00e7a\u201d, ela reafirma seu compromisso de trabalhar todos os dias pela constru\u00e7\u00e3o de um futuro melhor, mais digno e com mais oportunidades para todos.</p>", 
            "email": "", 
            "full_name": "K\u00edssila Kerley Ponath Schulz", 
            "image": {
                "filename": "POSSE-15.jpg", 
                "size": 2160443, 
                "uri": "https://www.espigaodoeste.ro.leg.br/institucional/parlamentares/kissila-ponath/@@downloads/POSSE-15.jpg"
            }, 
            "party_affiliation": [
                {
                    "date_affiliation": "1925-02-01", 
                    "date_disaffiliation": "", 
                    "party": "PL - Partido Liberal"
                }
            ], 
            "postal_code": "76974000", 
            "site": "", 
            "telephone": "000000000", 
            "title": "Kissila Ponath", 
            "uri": "https://www.espigaodoeste.ro.leg.br/institucional/parlamentares/kissila-ponath"
        }, 
        {
            "address": "Rua Vale Formoso, 1896 - Vista Alegre", 
            "birthday": "1974-06-12", 
            "description": "<p><b>Amilton Alves de Souza</b> \u00e9 natural de S\u00e3o Paulo \u2013 S\u00e3o Paulo, filho de Aurelino Manoel de Souza e Vivaldina Alves de Souza. \u00c9 casado com Maria Fabiana Siqueira e pai de Geyce Rayane e Joyce. Formou-se em 2005 em Licenciatura Plena em Pedagogia e possui p\u00f3s-gradua\u00e7\u00e3o em Vis\u00e3o Interdisciplinar com \u00eanfase Supervis\u00e3o, Orienta\u00e7\u00e3o e Gest\u00e3o Escolar, p\u00f3s graduado em Gest\u00e3o P\u00fablica, p\u00f3s graduado em Ensino da L\u00edngua Portuguesa.</p>\r\n<p>No ano de 1981, a fam\u00edlia em busca de adquirir terras, vieram para Rond\u00f4nia, residindo por seis meses no munic\u00edpio de Cacoal, posteriormente para Espig\u00e3o do Oeste, em especial na regi\u00e3o do Distrito Flor da Serra, 14 de Abril.</p>\r\n<p>Amilton Alves, produtor rural, ingressou na educa\u00e7\u00e3o do munic\u00edpio no ano de 1993, como professor de escola multisseriada.</p>\r\n<p>Formado em Pedagogia, pela Faculdade Federal de Rond\u00f4nia \u2013 UNIR, p\u00f3s graduado em Vis\u00e3o Interdisciplinar com \u00eanfase Supervis\u00e3o, Orienta\u00e7\u00e3o Escolar, p\u00f3s graduado em Gest\u00e3o P\u00fablica, p\u00f3s graduado em L\u00edngua Portuguesa.</p>\r\n<p>Ingressou no servi\u00e7o p\u00fablico municipal em 1993, lotado na Secretaria Municipal de Educa\u00e7\u00e3o, professor em sala de 1993 a 2012, lecionou no Projeto Vereda Educa\u00e7\u00e3o de Jovens e adultos no ensino fundamental 2. Em 2012, assumiu a dire\u00e7\u00e3o do Programa Mais Educa\u00e7\u00e3o na Escola Teobaldo Ferreira, 2014 a 07/2017 \u2013 2021 a 2023, foi diretor da EMEIF Maria Rosa de Oliveira, 08/2017 a 10/2018 \u2013 2024 diretor da EMEIEF Teobaldo Ferreira, conduzindo importantes iniciativas para o desenvolvimento da educa\u00e7\u00e3o juntamente com a equipe de servidores das respectivas escolas.</p>\r\n<p>Ingressou na vida pol\u00edtica no ano de 2000, ficando de 1\u00ba suplente de vereador, nas elei\u00e7\u00f5es de 2004, foi eleito vereador pelo Partido Progressista \u2013 PP, para o quadri\u00eanio de 2005 a 2008, no 1\u00ba mandato bi\u00eanio \u2013 2005-2006, foi 1\u00ba secret\u00e1rio da mesa diretora da C\u00e2mara, bi\u00eanio 2007 \u2013 2008, vice-presidente da C\u00e2mara, presidiu comiss\u00f5es permanentes. Nas elei\u00e7\u00f5es de 2024, foi eleito vereador pelo Partido Social Democr\u00e1tico \u2013 PSD, com 558 votos para o quadri\u00eanio 2025 a 2028. \u00a01\u00ba de janeiro de 2025, eleito pelos vereadores, <b>Presidente da C\u00e2mara Municipal de Espig\u00e3o</b> do Oeste para o bi\u00eanio 2025/2026.</p>\r\n<p>Tem como principais bandeira o incentivo ao progresso do munic\u00edpio como instrumento de transforma\u00e7\u00e3o social, a promo\u00e7\u00e3o da sa\u00fade, da educa\u00e7\u00e3o e da seguran\u00e7a, bem como o fortalecimento das comunidades rurais, ind\u00edgenas e a valoriza\u00e7\u00e3o da agricultura familiar. Sua atua\u00e7\u00e3o \u00e9 marcada pelo comprometimento com o desenvolvimento do munic\u00edpio e pela aten\u00e7\u00e3o \u00e0s demandas da popula\u00e7\u00e3o.</p>", 
            "email": "", 
            "full_name": "Amilton Alves de Souza", 
            "image": {
                "filename": "Amilton Alves.jpg", 
                "size": 1698191, 
                "uri": "https://www.espigaodoeste.ro.leg.br/institucional/parlamentares/amilton-alves/@@downloads/Amilton Alves.jpg"
            }, 
            "party_affiliation": [
                {
                    "date_affiliation": "1925-02-01", 
                    "date_disaffiliation": "", 
                    "party": "PSD - Partido Social Democr\u00e1tico"
                }
            ], 
            "postal_code": "76974000", 
            "site": "", 
            "telephone": "000000000", 
            "title": "Amilton Alves", 
            "uri": "https://www.espigaodoeste.ro.leg.br/institucional/parlamentares/amilton-alves"
        }, 
        {
            "address": "Rua Vale Formoso, 1896 - Vista Alegre", 
            "birthday": "1965-06-16", 
            "description": "<p>Pedro Candido Ces\u00e1rio, conhecido politicamente como Pedro Mandioca, \u00e9 vereador de Espig\u00e3o d'Oeste, Rond\u00f4nia, eleito para o mandato 2025\u20132028 pelo partido Podemos (PODE).\u00a0</p>\r\n<p data-start=\"704\" data-end=\"862\"><span class=\"relative -mx-px my-[-0.2rem] rounded px-px py-[0.2rem] transition-colors duration-100 ease-in-out\">Pedro Mandioca foi eleito vereador de Espig\u00e3o d'Oeste nas elei\u00e7\u00f5es municipais de 2024, representando o partido Podemos (PODE).</span> <span class=\"relative -mx-px my-[-0.2rem] rounded px-px py-[0.2rem] transition-colors duration-100 ease-in-out\">Sua candidatura foi deferida pela Justi\u00e7a Eleitoral, indicando que todos os requisitos legais foram cumpridos.</span></p>\r\n<p data-start=\"864\" data-end=\"1022\"><span class=\"relative -mx-px my-[-0.2rem] rounded px-px py-[0.2rem] transition-colors duration-100 ease-in-out\">Em 1\u00ba de janeiro de 2025, tomou posse como vereador para o mandato 2025\u20132028. Tamb\u00e9m f</span>oi eleito como vice presidente da C\u00e2mara Bi\u00eanio 2025-2026.</p>", 
            "email": "", 
            "full_name": "Pedro Candido Ces\u00e1rio", 
            "image": {
                "filename": "Pedro C\u00e2ndido Ces\u00e1rio, Pedro Mandioca.jpg", 
                "size": 1446382, 
                "uri": "https://www.espigaodoeste.ro.leg.br/institucional/parlamentares/pedro-mandioca/@@downloads/Pedro C\u00e2ndido Ces\u00e1rio, Pedro Mandioca.jpg"
            }, 
            "party_affiliation": [
                {
                    "date_affiliation": "1925-02-01", 
                    "date_disaffiliation": "", 
                    "party": "PODE (PODEMOS)"
                }
            ], 
            "postal_code": "76974000", 
            "site": "", 
            "telephone": "000000000", 
            "title": "Pedro Mandioca", 
            "uri": "https://www.espigaodoeste.ro.leg.br/institucional/parlamentares/pedro-mandioca"
        }
    ]
}